{"id":70,"date":"2012-07-08T20:59:00","date_gmt":"2012-07-08T20:59:00","guid":{"rendered":"http:\/\/www.patagoniaeventos.com\/wordpress\/?p=70"},"modified":"2024-07-30T22:59:47","modified_gmt":"2024-07-31T01:59:47","slug":"la-ciudad-del-sol-brillo-con-su-k21","status":"publish","type":"post","link":"https:\/\/www.patagoniaeventos.com\/index.php\/la-ciudad-del-sol-brillo-con-su-k21\/","title":{"rendered":"La ciudad del sol brill\u00f3 con su K21"},"content":{"rendered":"<p style=\"text-align: left;\" align=\"center\">\u00a0Probablemente hayamos vivido hoy en San Juan una de las mejores etapas de en estos tres j\u00f3venes a\u00f1os de la Serie K21. Las primeras estribaciones de la pre cordillera enmarcando al encanto del dique Ullum fueron el escenario de esta etapa que se destac\u00f3 no solo por la dureza, definida por el tiempo de los primeros y por la espectacularidad del recorrido y las vistas.<\/p>\r\n<p style=\"text-align: left;\">\u00a0A las 11 de la ma\u00f1ana el sol sanjuanino comenz\u00f3 a templar al complejo Del Bono Beach, emplazado a orillas del dique Ullum, lugar elegido por la impecable organizaci\u00f3n local mixta de la mendocina Esfuerzo Deportivo y la sanjuanina Adventure Pro. Mas de 500 corredores de varias provincias, pero fundamentalmente de la regi\u00f3n cuyana, se alistaban en la l\u00ednea de partida para disputar la sexta etapa de la Serie Salomon K21 Copa Optitech, entrando ya en pleno en las etapas de monta\u00f1a de la serie apuntando a lo que ser\u00e1 la Final Salomon K42.<\/p>\r\n<p style=\"text-align: left;\"><!--more--><\/p>\r\n<p style=\"text-align: left;\">\u00a0El circuito presentaba variantes para todos los gustos, pero un punto en com\u00fan, tanto los planos entre piedras, como las subidas de altos porcentajes, como los descensos altamente t\u00e9cnicos se encargaban progresivamente de liquidar las expectativas de tiempos por debajo de la hora treinta para los l\u00edderes.<\/p>\r\n<p style=\"text-align: left;\">\u00a0Pr\u00f3ximos a la hora de carrera, precisamente a los 56.55 Daniel Carrion arribaba a la meta adjudic\u00e1ndose la prueba corta de 10km, y en 1.20.19 lo hac\u00eda Eliana Ordo\u00f1ez en mujeres, lo que indicaba que la primera parte no result\u00f3 nada r\u00e1pida. Por esas horas, los primeros de la carrera principal de 21km hab\u00edan dejado ya la quebrada de Las Coloradas, la subida y comenzaban a transitar 4km por un filo de incre\u00edbles vistas, sin dudas uno de los tramos de mayor impacto para todos los participantes no solo por su dificultad\u00a0 t\u00e9cnica sino por la belleza ya que se trataba de una fina cornisa por encima de 1000m sobre el nivel del mar que permite una vista incomparable a derecha e izquierda.<\/p>\r\n<p style=\"text-align: left;\">La carrera fue liderada claramente por el mendocino Cristian Mohamed en hombres y por la bonaerense Virgina Galvez en mujeres, quien sorprendi\u00f3 por marcar la diferencia con la cordobesa Adriana Vargas, podio en el \u00faltimo K42 de Villa la Angostura. Detr\u00e1s de Cristian, Mario Raschetti, permanente animador de la serie sorprend\u00eda a muchos por su buen desempe\u00f1o, manteniendo distancias por debajo de los dos minutos.<\/p>\r\n<p style=\"text-align: left;\">\u00a0El descenso del Cero Tres Mar\u00edas (800 de altitud en 1,5km) comenzaba a marcar para los l\u00edderes el final de la etapa mas dura de todas las vividas en la Serie, ya solo le quedar\u00edan unos pocos kil\u00f3metros de coastering que para no ser menos deber\u00edan realizar sorteando piedras y terrenos arenosos, pero la vista de Del Bono Beach al\u00a0 otro lado de la costa resultaban un incentivo. Visite a nuestros socios, \u00a1l\u00edderes en calzado de moda!<\/p>\r\n<p style=\"text-align: left;\">\u00a0Nada menos que 1.47.07 fue el tiempo empleado por el mendocino \u00faltimo ganador de Salomon K42 y K21 Neuqu\u00e9n, resulta una prueba mas que elocuente de la particular dureza de esta etapa que se gan\u00f3 los elogios de todos los corredores, a mas de tres minutos arribaba el nicolense Mario Raschetti, quien se afianza de este modo en la suma de puntos de la Serie y en tercer lugar lo har\u00eda Antonio Aguilera, en 1.54.03.<\/p>\r\n<p style=\"text-align: left;\">\u00a0En mujeres Virginia Galvez conserv\u00f3 con total autoridad la punta de la prueba, hasta cortar la cinta de llegada en 2.12.02, en segundo lugar la cordobesa Adriana Vargas con 2.15.45 y tercera Mar\u00eda Marta Salas, quien llegaba en 2.25.13<\/p>\r\n<p style=\"text-align: left;\">\u00a0De este modo San Juan marc\u00f3 su debut en la Serie K21, con una etapa que sorprendi\u00f3 por dificultad, belleza y que por su nivel organizativo mostrando un importante despliegue de grupos de seguridad y rescate, Cruz Roja, ambulancias, Polic\u00eda Provincial y voluntarios, estuvo claramente a la atura del toda la serie y posicion\u00e1ndose para el futuro como la etapa a no perderse.<\/p>\r\n<p style=\"text-align: left;\">\u00a0La pr\u00f3xima etapa de la Serie ser\u00e1 en Villa Gesell, el 22 de julio, en agosto ser\u00e1 el turno de La Cumbrecita en C\u00f3rdoba y el final del circuito en setiembre en San Rafael de Mendoza.<\/p>\r\n<p style=\"text-align: left;\"><a href=\"http:\/\/www.k21series.patagoniaeventos.com\/media-maraton-k21-series\/san-juan-k21-series\/k21-san-juan.html\" target=\"_blank\">\u00a0Fotos y resultados aqu\u00ed!<\/a><\/p>\r\n<p style=\"text-align: left;\"><a href=\"http:\/\/www.k21series.patagoniaeventos.com\/media-maraton-k21-series\/san-juan-k21-series\/k21-san-juan.html\" target=\"_blank\">\u00a0<\/a><\/p>\r\n<p style=\"text-align: left;\"><\/p>","protected":false},"excerpt":{"rendered":"<p>\u00a0Probablemente hayamos vivido hoy en San Juan una de las mejores etapas de en estos tres j\u00f3venes a\u00f1os de la Serie K21. Las primeras estribaciones de la pre cordillera enmarcando al encanto del dique Ullum fueron el escenario de esta etapa que se destac\u00f3 no solo por la dureza, definida por el tiempo de los [&hellip;]<\/p>\n","protected":false},"author":1,"featured_media":71,"comment_status":"closed","ping_status":"closed","sticky":false,"template":"","format":"standard","meta":{"footnotes":""},"categories":[1],"tags":[4,45],"class_list":["post-70","post","type-post","status-publish","format-standard","hentry","category-noticias","tag-k21","tag-san-juan"],"_links":{"self":[{"href":"https:\/\/www.patagoniaeventos.com\/index.php\/wp-json\/wp\/v2\/posts\/70","targetHints":{"allow":["GET"]}}],"collection":[{"href":"https:\/\/www.patagoniaeventos.com\/index.php\/wp-json\/wp\/v2\/posts"}],"about":[{"href":"https:\/\/www.patagoniaeventos.com\/index.php\/wp-json\/wp\/v2\/types\/post"}],"author":[{"embeddable":true,"href":"https:\/\/www.patagoniaeventos.com\/index.php\/wp-json\/wp\/v2\/users\/1"}],"replies":[{"embeddable":true,"href":"https:\/\/www.patagoniaeventos.com\/index.php\/wp-json\/wp\/v2\/comments?post=70"}],"version-history":[{"count":1,"href":"https:\/\/www.patagoniaeventos.com\/index.php\/wp-json\/wp\/v2\/posts\/70\/revisions"}],"predecessor-version":[{"id":3013,"href":"https:\/\/www.patagoniaeventos.com\/index.php\/wp-json\/wp\/v2\/posts\/70\/revisions\/3013"}],"wp:featuredmedia":[{"embeddable":true,"href":"https:\/\/www.patagoniaeventos.com\/index.php\/wp-json\/wp\/v2\/media\/71"}],"wp:attachment":[{"href":"https:\/\/www.patagoniaeventos.com\/index.php\/wp-json\/wp\/v2\/media?parent=70"}],"wp:term":[{"taxonomy":"category","embeddable":true,"href":"https:\/\/www.patagoniaeventos.com\/index.php\/wp-json\/wp\/v2\/categories?post=70"},{"taxonomy":"post_tag","embeddable":true,"href":"https:\/\/www.patagoniaeventos.com\/index.php\/wp-json\/wp\/v2\/tags?post=70"}],"curies":[{"name":"wp","href":"https:\/\/api.w.org\/{rel}","templated":true}]}}