{"id":63,"date":"2012-08-18T20:38:26","date_gmt":"2012-08-18T20:38:26","guid":{"rendered":"http:\/\/www.patagoniaeventos.com\/wordpress\/?p=63"},"modified":"2024-07-30T22:58:59","modified_gmt":"2024-07-31T01:58:59","slug":"vila-do-farol-k42-bombinhas-by-asics","status":"publish","type":"post","link":"https:\/\/www.patagoniaeventos.com\/index.php\/vila-do-farol-k42-bombinhas-by-asics\/","title":{"rendered":"Vila Do Farol K42 Bombinhas  by Asics"},"content":{"rendered":"<p style=\"text-align: left;\" align=\"center\"><strong>\u00a0<\/strong>Bombinhas (Brasil) recibi\u00f3 una nueva etapa de la Serie K42. Enmarcado con el verde de los morros, el color rojizo de sus senderos y un imponente mar azul del oc\u00e9ano atl\u00e1ntico, el complejo tur\u00edstico Vila do Farol fue el anfitri\u00f3n de esta etapa que pas\u00f3 a ser la mas convocante de la serie internacional que es organizada por Patagonia Eventos.<\/p>\r\n<p style=\"text-align: left;\">\u00a0Bombinhas Runners, empresa organizadora local a cargo del K42 Bombinhas hab\u00eda recibido entre el d\u00eda jueves y viernes 813 corredores para participar de la prueba, de los cuales 315 lo hac\u00edan en 42km en forma individual, 298 en duplas (2&#215;21) y 200 en 12 km. Hab\u00eda representantes de 15 estados de Brasil y de cinco pa\u00edses.<\/p>\r\n<p style=\"text-align: left;\">\u00a0<!--more--><\/p>\r\n<p style=\"text-align: left;\">Las previsiones meteorol\u00f3gicas hac\u00edan prever que el d\u00eda de la carrera no seria f\u00e1cil, que el clima tambi\u00e9n iba a participar, y por parte del clima estuvieron todos presentes, el viento, el sol, las nubes, la lluvia y termin\u00f3 con un hermoso atardecer.<\/p>\r\n<p style=\"text-align: left;\">\u00a0A las 8:00 hs se puso en marcha la carrera, se notaba mucha ansiedad por parte de los participantes y \u00e9stos lo pagaron muy caro. A los 5 km cuando iniciaron el ascenso al morro de la antena con una diferencia de 280 metros en muy poca longitud los ansiosos quemaron gran parte de su energ\u00eda, no dejando nada para poder llegar a la cumbre y en camino fuimos viendo como trataban de recuperase.<\/p>\r\n<p style=\"text-align: left;\">Aquellos que hab\u00edan planificado de acuerdo a las caracter\u00edsticas del circuito tuvieron su premio. Al superar el km 5 en los hombres Giliard Altar Pinheiro marcaba la diferencia sac\u00e1ndoles un minuto Fernando Beserra Da Silva, a Carlos Magno Goncalvez Da Cruz y eterno Jos\u00e9 Virginio De Morais, en damas ten\u00edamos la sorpresa no tan sorpresa, Cristina De Carvalho marca el rumbo muy c\u00f3moda, le hab\u00eda sobrado energ\u00eda para superar el primer morro. Detr\u00e1s de ella aparecieron Cilene Sophia dos Santos, Rosalia De Camargo Guarischi, la cordobesa Adriana Vargas y Debora Aparecida de Simas, (muy conocedora del K42, tanto de Brasil como de Argentina).<\/p>\r\n<p style=\"text-align: left;\">\u00a0Aqu\u00ed se terminaron los senderos anchos y se iniciaba otra carrera por las trillas (peque\u00f1os senderos de monta\u00f1a). La lluvia empezaba a hacer de las suyas y por los sederos ten\u00edamos una mezcla de agua y barro. GILIARD marco aqu\u00ed la diferencia, sac\u00e1ndole al segundo 6 minutos. De la misma manera CILENE (alumna de CRISTINA), se adue\u00f1aba de las trillas y alcanzaba la punta. En el Km 16 ADRIANA alcanzaba el tercer puesto y empezaba apretar los dientes. Como se indica en este art\u00edculo, puede explorar su selecci\u00f3n de ofertas disponibles en tel\u00e9fonos inteligentes y las mejores marcas y explorar los planes de servicio que mejor se adapten a sus necesidades.<\/p>\r\n<p style=\"text-align: left;\">\u00a0Cuando la carrera alcanza MARISCAL (una hermosa playa) y los corredores superaban el km 34, ten\u00edamos las primeras sorpresas, los 6 minutos que GILIARD hab\u00eda sacado al principio solo eran 3 sobre ALEXANDRE MANZAN, quien venia de atr\u00e1s superando hombre a hombre y las mujeres la lucha se establec\u00eda entre CILENE y ADRIANA. A esta altura se la ve\u00eda con mucho resto a la Cordobesa.<\/p>\r\n<p style=\"text-align: left;\">\u00a0En 4 Islas (un para\u00edso de playa y ya sin lluvia), GILIAR s\u00f3lo le llevaba 2 minutos a ALEXANRE y todav\u00eda quedaba al ascenso a Retiro de los Padres. A esta altura ADRIANA ya le ve\u00eda la espalda a CILENE, quien es superada a la altura de Sepultura.<\/p>\r\n<p style=\"text-align: left;\">\u00a0Los aplausos y los gritos de la gente nos avisaban que estaba el puntero recorriendo los \u00faltimos metros sobre la playa, era el TETRA CAMPEON GILIAR, quien cruz\u00f3 la l\u00ednea de llegada y se encontr\u00f3 en un fuerte abrazo con su familia.<\/p>\r\n<p style=\"text-align: left;\">\u00a0Nuevamente las luces de las motos al fondo de la playa nos indicaban que ten\u00edamos a la ganadora entre la mujeres, cruz\u00f3 la l\u00ednea muy emocionada y buscando abrazos y tratando de entender que pasaba. ADRIANA VARGAS hab\u00eda ganado fuera de su pa\u00eds.<\/p>\r\n<p style=\"text-align: left;\">Ambos se hicieron acreedores a los premios ASISC, patrocinador deportivo de la prueba y obtuvieron el derecho a participar de la final de la Serie Internacional en Argentina el pr\u00f3ximo 17 de Noviembre en Villa La Angostura.<\/p>\r\n<p style=\"text-align: left;\">\u00a0Ahora simplemente preparar la valijas\u2026..SANTIAGO DE CHILE nos espera el 1 de Septiembre con el K42 Chile.<\/p>\r\n<p style=\"text-align: left;\">\u00a0Clasificaci\u00f3n\u00a0y fotos en\u00a0<a href=\"http:\/\/www.k42trailrun.com\/k42-brasil\/\">http:\/\/www.k42trailrun.com\/k42-brasil\/<\/a><\/p>","protected":false},"excerpt":{"rendered":"<p>\u00a0Bombinhas (Brasil) recibi\u00f3 una nueva etapa de la Serie K42. Enmarcado con el verde de los morros, el color rojizo de sus senderos y un imponente mar azul del oc\u00e9ano atl\u00e1ntico, el complejo tur\u00edstico Vila do Farol fue el anfitri\u00f3n de esta etapa que pas\u00f3 a ser la mas convocante de la serie internacional que [&hellip;]<\/p>\n","protected":false},"author":1,"featured_media":64,"comment_status":"closed","ping_status":"closed","sticky":false,"template":"","format":"standard","meta":{"footnotes":""},"categories":[1],"tags":[42,41,40,39],"class_list":["post-63","post","type-post","status-publish","format-standard","hentry","category-noticias","tag-asics","tag-bombinhas","tag-k42","tag-vila-do-farol"],"_links":{"self":[{"href":"https:\/\/www.patagoniaeventos.com\/index.php\/wp-json\/wp\/v2\/posts\/63","targetHints":{"allow":["GET"]}}],"collection":[{"href":"https:\/\/www.patagoniaeventos.com\/index.php\/wp-json\/wp\/v2\/posts"}],"about":[{"href":"https:\/\/www.patagoniaeventos.com\/index.php\/wp-json\/wp\/v2\/types\/post"}],"author":[{"embeddable":true,"href":"https:\/\/www.patagoniaeventos.com\/index.php\/wp-json\/wp\/v2\/users\/1"}],"replies":[{"embeddable":true,"href":"https:\/\/www.patagoniaeventos.com\/index.php\/wp-json\/wp\/v2\/comments?post=63"}],"version-history":[{"count":2,"href":"https:\/\/www.patagoniaeventos.com\/index.php\/wp-json\/wp\/v2\/posts\/63\/revisions"}],"predecessor-version":[{"id":3011,"href":"https:\/\/www.patagoniaeventos.com\/index.php\/wp-json\/wp\/v2\/posts\/63\/revisions\/3011"}],"wp:featuredmedia":[{"embeddable":true,"href":"https:\/\/www.patagoniaeventos.com\/index.php\/wp-json\/wp\/v2\/media\/64"}],"wp:attachment":[{"href":"https:\/\/www.patagoniaeventos.com\/index.php\/wp-json\/wp\/v2\/media?parent=63"}],"wp:term":[{"taxonomy":"category","embeddable":true,"href":"https:\/\/www.patagoniaeventos.com\/index.php\/wp-json\/wp\/v2\/categories?post=63"},{"taxonomy":"post_tag","embeddable":true,"href":"https:\/\/www.patagoniaeventos.com\/index.php\/wp-json\/wp\/v2\/tags?post=63"}],"curies":[{"name":"wp","href":"https:\/\/api.w.org\/{rel}","templated":true}]}}