{"id":55,"date":"2012-08-29T20:35:56","date_gmt":"2012-08-29T20:35:56","guid":{"rendered":"http:\/\/www.patagoniaeventos.com\/wordpress\/?p=55"},"modified":"2012-09-19T15:22:58","modified_gmt":"2012-09-19T15:22:58","slug":"salomon-k21-la-cumbrecita-copa-optitech","status":"publish","type":"post","link":"https:\/\/www.patagoniaeventos.com\/index.php\/salomon-k21-la-cumbrecita-copa-optitech\/","title":{"rendered":"Salomon K21 La Cumbrecita &#8211; Copa Optitech"},"content":{"rendered":"<p style=\"text-align: left;\" align=\"center\">A las 12 hs en punto, el conteo regresivo 10, 9, 8. 7 \u2026.1, hizo temblar esta hermosa localidad de 1000 habitantes y 800 camas tur\u00edsticas.<\/p>\r\n<p style=\"text-align: left;\">Hab\u00eda amanecido con 4 grados bajo cero y ninguna nube en el horizonte. Todo ello hacia predecir un gran d\u00eda. Claro que lo fue\u00a1\u00a1\u00a1.<\/p>\r\n<p style=\"text-align: left;\">Muy temprano el equipo t\u00e9cnico de la empresa Ultrasport, organizadora local, salieron para la monta\u00f1a a distribuir todo el personal de seguridad e instalar los puestos de control e hidrataci\u00f3n.<!--more--><\/p>\r\n<p style=\"text-align: left;\"><a href=\"http:\/\/www.patagoniaeventos.com\/wordpress\/wp-content\/uploads\/2012\/08\/IMG_4513.jpg\"><img loading=\"lazy\" decoding=\"async\" class=\"alignleft  wp-image-56\" title=\"IMG_4513\" src=\"http:\/\/www.patagoniaeventos.com\/wordpress\/wp-content\/uploads\/2012\/08\/IMG_4513.jpg\" alt=\"\" width=\"384\" height=\"256\" srcset=\"https:\/\/www.patagoniaeventos.com\/wp-content\/uploads\/2012\/08\/IMG_4513.jpg 640w, https:\/\/www.patagoniaeventos.com\/wp-content\/uploads\/2012\/08\/IMG_4513-300x199.jpg 300w\" sizes=\"auto, (max-width: 384px) 100vw, 384px\" \/><\/a>La lista de corredores, tanto de hombres como de mujeres, hacia prever una carrera muy ajustada y sobre todo muy pensada por los participantes candidatos a quedarse con alguna ubicaci\u00f3n el podio.<\/p>\r\n<p style=\"text-align: left;\">Sobraban varios t\u00edtulos, llegaba Mohamed de San Rafael habiendo ganado varios K21 y con un K42 en el haber; Daniel Simbron con varios podios a cuestas y con el primer puesto del K21 de Rosario; Mario Raschetti de San Nicol\u00e1s, campe\u00f3n de la Serie K21 2011 y gran candidato a quedarse con el mismo titulo en el 2012. Junto a ellos el espa\u00f1ol, radicado en C\u00f3rdoba, ARKITZ IBARRA. En Mujeres mucho mas peleado, sobraban demasiados t\u00edtulos. Solo hace una semana, la Cordobesa Adriana Vargas, se quedaba con el K42 de Brasil ante la sorpresa de todos. Andrea Doblas la mujer a batir en los K21, Virginia Galvez, con toda su historia.<\/p>\r\n<p style=\"text-align: left;\">Los primeros kil\u00f3metros de carrera hac\u00edan de filtro natural, 800 metros de empedrado en un gran ascenso, s\u00f3lo se atrevieron a correrlo aquellos que sab\u00edan que contaban con energ\u00eda suficiente para todo el recorrido. El resto prefiri\u00f3 caminarlo e iniciar su K21 a partir del sendero y aprovechando \u201cla pampita\u201d de 3000 metros como para tratar de sacar alguna ventaja.<\/p>\r\n<p style=\"text-align: left;\">La ventaja la sacaron, Mohamed en los hombres y Adriana en mujeres. Lo suficiente para iniciar el ascenso a la monta\u00f1a desde los 600 msm hasta los 1.400 con suma tranquilidad y mirando cada tanto hacia atr\u00e1s.<\/p>\r\n<p style=\"text-align: left;\">La pelea se daba por el segundo puesto en los hombres, como si estuvieran jugando Simbron y Arkitz se iba prestando el segundo puesto.<\/p>\r\n<p style=\"text-align: left;\">En Mujeres, todo lo contrario, a mitad de carrera estaba definido como seria el podio, Adriana, Lorena Esquivel, Virginia y Andrea.<\/p>\r\n<p style=\"text-align: left;\">A las 13 hs, luego de una hora de carrera, los aplausos a orillas del Rio del Medio, lugar natural para la tribuna del p\u00fablico, nos indicaban que estaba llegando el primero de la distancia de 10 km. En\u00a0 efecto, se trataba de V\u00edctor Hugo Kessel que terminaba el recorrido en 01:02:13, luego llegar\u00eda Diego Parisi a poco m\u00e1s de un minuto y en tercer lugar Mariano Dalton.<\/p>\r\n<p style=\"text-align: left;\">En Mujeres, en la distancia de 10 km, Virginia Mercado con un tiempo de 1:11:05 se hacia due\u00f1a del podio, acompa\u00f1ada de Anabela Natalia Soria, 1:14:57 y Valeria Cecilia Guardia con un tiempo de 1:17:30.<\/p>\r\n<p style=\"text-align: left;\">En 21 km, no hubo sorpresas, Mohamed siempre marco el camino y les ense\u00f1o a todos por donde ir en los senderos. Llego a la meta con un tiempo de 1:44:13 a un ritmo de 4:58 minutos\/km. A dos minutos llegaron muy pegados, tal cual fueron los 21 km, Arkitz Ibarra Martinez con un tiempo de 1:46:55 y un segundo mas tarde, Daniel Simbron.<\/p>\r\n<p style=\"text-align: left;\">Una verdadera fiesta deportiva con mucho apoyo de la localidad, bomberos, polic\u00eda y salud publica.<\/p>\r\n<p style=\"text-align: left;\">El pr\u00f3ximo s\u00e1bado Santiago de Chile recibe al K42 y el 23 de Septiembre, San Rafael tendr\u00e1 oportunidad de disfrutar la \u00faltima etapa de la Serie Nacional SALOMON K21 \u2013 COPA OPTITECH.<\/p>\r\n<a href=\"http:\/\/www.k21series.patagoniaeventos.com\/media-maraton-k21-series\/la-cumbrecita-cordoba-k21-series\/k21-la-cumbrecita.html\">\u00a0Clasificaci\u00f3n\u00a0y fotos\u00a0aqu\u00ed!<\/a>\r\n<p style=\"text-align: left;\"><a href=\"http:\/\/www.k21series.patagoniaeventos.com\/media-maraton-k21-series\/la-cumbrecita-cordoba-k21-series\/k21-la-cumbrecita.html\">\r\n<\/a><\/p>","protected":false},"excerpt":{"rendered":"<p>A las 12 hs en punto, el conteo regresivo 10, 9, 8. 7 \u2026.1, hizo temblar esta hermosa localidad de 1000 habitantes y 800 camas tur\u00edsticas. Hab\u00eda amanecido con 4 grados bajo cero y ninguna nube en el horizonte. Todo ello hacia predecir un gran d\u00eda. Claro que lo fue\u00a1\u00a1\u00a1. Muy temprano el equipo t\u00e9cnico [&hellip;]<\/p>\n","protected":false},"author":1,"featured_media":56,"comment_status":"open","ping_status":"closed","sticky":false,"template":"","format":"standard","meta":{"footnotes":""},"categories":[1],"tags":[4,5,6],"class_list":["post-55","post","type-post","status-publish","format-standard","hentry","category-noticias","tag-k21","tag-k21-series","tag-la-cumbrecita"],"_links":{"self":[{"href":"https:\/\/www.patagoniaeventos.com\/index.php\/wp-json\/wp\/v2\/posts\/55","targetHints":{"allow":["GET"]}}],"collection":[{"href":"https:\/\/www.patagoniaeventos.com\/index.php\/wp-json\/wp\/v2\/posts"}],"about":[{"href":"https:\/\/www.patagoniaeventos.com\/index.php\/wp-json\/wp\/v2\/types\/post"}],"author":[{"embeddable":true,"href":"https:\/\/www.patagoniaeventos.com\/index.php\/wp-json\/wp\/v2\/users\/1"}],"replies":[{"embeddable":true,"href":"https:\/\/www.patagoniaeventos.com\/index.php\/wp-json\/wp\/v2\/comments?post=55"}],"version-history":[{"count":0,"href":"https:\/\/www.patagoniaeventos.com\/index.php\/wp-json\/wp\/v2\/posts\/55\/revisions"}],"wp:featuredmedia":[{"embeddable":true,"href":"https:\/\/www.patagoniaeventos.com\/index.php\/wp-json\/wp\/v2\/media\/56"}],"wp:attachment":[{"href":"https:\/\/www.patagoniaeventos.com\/index.php\/wp-json\/wp\/v2\/media?parent=55"}],"wp:term":[{"taxonomy":"category","embeddable":true,"href":"https:\/\/www.patagoniaeventos.com\/index.php\/wp-json\/wp\/v2\/categories?post=55"},{"taxonomy":"post_tag","embeddable":true,"href":"https:\/\/www.patagoniaeventos.com\/index.php\/wp-json\/wp\/v2\/tags?post=55"}],"curies":[{"name":"wp","href":"https:\/\/api.w.org\/{rel}","templated":true}]}}